{"id":392,"date":"2007-09-11T15:31:47","date_gmt":"2007-09-11T14:31:47","guid":{"rendered":"http:\/\/www.lafarandula.net\/?p=392"},"modified":"2012-01-12T16:26:32","modified_gmt":"2012-01-12T15:26:32","slug":"09092007-bolo-en-noez-to","status":"publish","type":"post","link":"http:\/\/www.lafarandula.net\/?p=392","title":{"rendered":"Bolo en Noez (To)"},"content":{"rendered":"<p>Uff, vaya aventurita.<\/p>\n<p>Hoy estrenamos conductora de autob\u00fas:<\/p>\n<p><a class=\"imagelink\" title=\"Autobusera Pilar\" href=\"http:\/\/www.lafarandula.net\/wp-content\/uploads\/2007\/09\/Autobusera%20Pilar.jpg\"><img loading=\"lazy\" decoding=\"async\" id=\"image395\" src=\"http:\/\/www.lafarandula.net\/wp-content\/uploads\/2007\/09\/Autobusera%20Pilar.thumbnail.jpg\" alt=\"Autobusera Pilar\" width=\"72\" height=\"96\" \/><\/a> <strong>Pilar<\/strong>, que maneja ese pedazo de bus como si fuera en bicicleta. Tiene una conducci\u00f3n muy suave (como debe ser en autobuses). Pilar, que es madrile\u00f1a, antes de hacerse conductora estuvo unos a\u00f1os trabajando como lucera en una de las m\u00e1s importantes empresas de iluminaci\u00f3n de Madrid. En este viaje nos acompa\u00f1\u00f3 nuestro habitual ch\u00f3fer y amigo ya, Pep. Tambi\u00e9n vino el hermano de Edu, ?scar, que est\u00e1 de vacaciones.<\/p>\n<p><a class=\"imagelink\" title=\"Oscar i Pep\" href=\"http:\/\/www.lafarandula.net\/wp-content\/uploads\/2007\/09\/Oscar%20i%20Pep.jpg\"><img loading=\"lazy\" decoding=\"async\" id=\"image420\" src=\"http:\/\/www.lafarandula.net\/wp-content\/uploads\/2007\/09\/Oscar%20i%20Pep.thumbnail.jpg\" alt=\"Oscar i Pep\" width=\"128\" height=\"96\" \/><\/a> <strong>?scar y Pep<\/strong>.<\/p>\n<p><a class=\"imagelink\" title=\"Bus\" href=\"http:\/\/www.lafarandula.net\/wp-content\/uploads\/2007\/09\/Bus.jpg\"><img loading=\"lazy\" decoding=\"async\" id=\"image398\" src=\"http:\/\/www.lafarandula.net\/wp-content\/uploads\/2007\/09\/Bus.thumbnail.jpg\" alt=\"Bus\" width=\"128\" height=\"96\" \/><\/a> <strong>Autob\u00fas<\/strong>.<br \/>\nUna plaza, sin problemas con el tr\u00e1\u00efler.<br \/>\n<a class=\"imagelink\" title=\"Plaza\" href=\"http:\/\/www.lafarandula.net\/wp-content\/uploads\/2007\/09\/Plaza.jpg\"><img loading=\"lazy\" decoding=\"async\" id=\"image403\" src=\"http:\/\/www.lafarandula.net\/wp-content\/uploads\/2007\/09\/Plaza.thumbnail.jpg\" alt=\"Plaza\" width=\"128\" height=\"96\" \/><\/a> <strong>Descarga<\/strong>.<\/p>\n<p><a class=\"imagelink\" title=\"Poste guirnaldas\" href=\"http:\/\/www.lafarandula.net\/wp-content\/uploads\/2007\/09\/Poste%20y%20guirnaldas.jpg\"><img loading=\"lazy\" decoding=\"async\" id=\"image411\" src=\"http:\/\/www.lafarandula.net\/wp-content\/uploads\/2007\/09\/Poste%20y%20guirnaldas.thumbnail.jpg\" alt=\"Poste guirnaldas\" width=\"72\" height=\"96\" \/><\/a> <strong>Poste central<\/strong>.<\/p>\n<p><a class=\"imagelink\" title=\"Cuadro poste\" href=\"http:\/\/www.lafarandula.net\/wp-content\/uploads\/2007\/09\/Quadro%20guirnaldes1.jpg\"><img loading=\"lazy\" decoding=\"async\" id=\"image412\" src=\"http:\/\/www.lafarandula.net\/wp-content\/uploads\/2007\/09\/Quadro%20guirnaldes1.thumbnail.jpg\" alt=\"Cuadro poste\" width=\"72\" height=\"96\" \/><\/a> <strong>Cuadro de autom\u00e1ticos<\/strong>, en el mismo poste.<\/p>\n<p>El ayuntamiento queda a nuestras espaldas (detr\u00e1s de las mesas de control).<\/p>\n<p><a class=\"imagelink\" title=\"Ayuntmiento\" href=\"http:\/\/www.lafarandula.net\/wp-content\/uploads\/2007\/09\/Ayuntamiento.jpg\"><img loading=\"lazy\" decoding=\"async\" id=\"image396\" src=\"http:\/\/www.lafarandula.net\/wp-content\/uploads\/2007\/09\/Ayuntamiento.thumbnail.jpg\" alt=\"Ayuntmiento\" width=\"72\" height=\"96\" \/><\/a> <strong>Ayuntamiento<\/strong>.<\/p>\n<p>He dado una vuelta por este pueblo, y me he fijado en el curioso modo de adornar los \u00e1rboles:<\/p>\n<p>Hab\u00eda una peque\u00f1a fuente:<\/p>\n<p><a class=\"imagelink\" title=\"Fuente\" href=\"http:\/\/www.lafarandula.net\/wp-content\/uploads\/2007\/09\/Fuente.jpg\"><img loading=\"lazy\" decoding=\"async\" id=\"image419\" src=\"http:\/\/www.lafarandula.net\/wp-content\/uploads\/2007\/09\/Fuente.thumbnail.jpg\" alt=\"Fuente\" width=\"72\" height=\"96\" \/><\/a> <strong>Fuente<\/strong>.<\/p>\n<p>Pero lo que es el escenario, se encuentra entre un trenzado (detr\u00e1s izq.) y una farola de pared (detr\u00e1s dcha.), por lo que s\u00f3lo se han podido montar 3 tramos de ancho.<\/p>\n<p><a class=\"imagelink\" title=\"Descarga derecha\" href=\"http:\/\/www.lafarandula.net\/wp-content\/uploads\/2007\/09\/Descarga%20dcha.jpg\"><img loading=\"lazy\" decoding=\"async\" id=\"image413\" src=\"http:\/\/www.lafarandula.net\/wp-content\/uploads\/2007\/09\/Descarga%20dcha.thumbnail.jpg\" alt=\"Descarga derecha\" width=\"128\" height=\"96\" \/><\/a> <strong>Trailer y farola derecha<\/strong>, al fondo.<\/p>\n<p><a class=\"imagelink\" title=\"Cuadro\" href=\"http:\/\/www.lafarandula.net\/wp-content\/uploads\/2007\/09\/Cuadro%20cerrado.jpg\"><img loading=\"lazy\" decoding=\"async\" id=\"image401\" src=\"http:\/\/www.lafarandula.net\/wp-content\/uploads\/2007\/09\/Cuadro%20cerrado.thumbnail.jpg\" alt=\"Cuadro\" width=\"128\" height=\"96\" \/><\/a> <strong>Caja de conexi\u00f3n<\/strong>.<\/p>\n<p>El cuadro de suministro est\u00e1 situado tras el escenario, a la izquierda. Arriba hay una CGP, y un trozo de manguera enrollada de 10 mm2 cuelga del trenzado y baja hasta la caja.<\/p>\n<p><a class=\"imagelink\" title=\"Acometida desastre\" href=\"http:\/\/www.lafarandula.net\/wp-content\/uploads\/2007\/09\/Acometida%20desastre.jpg\"><img loading=\"lazy\" decoding=\"async\" id=\"image391\" src=\"http:\/\/www.lafarandula.net\/wp-content\/uploads\/2007\/09\/Acometida%20desastre.thumbnail.jpg\" alt=\"Acometida desastre\" width=\"128\" height=\"96\" \/><\/a> <strong>Desastre de electricista!<\/strong>.<\/p>\n<p>El cuadro ten\u00eda una antigua inscripci\u00f3n que asustaba un poco:<\/p>\n<p><a class=\"imagelink\" title=\"Inscripcion\" href=\"http:\/\/www.lafarandula.net\/wp-content\/uploads\/2007\/09\/cuadro%20220V.jpg\"><img loading=\"lazy\" decoding=\"async\" id=\"image402\" src=\"http:\/\/www.lafarandula.net\/wp-content\/uploads\/2007\/09\/cuadro%20220V.thumbnail.jpg\" alt=\"Inscripcion\" width=\"128\" height=\"96\" \/><\/a> <strong>220 V entre fases<\/strong>; Por suerte esto era falso.<br \/>\nAl llegar, Marcos me dice que tenemos un diferencial de 63A, y cuando me asomo a verlo, observo que es de 0&#8217;03A de sensibilidad. Acto seguido llamo al representante y se lo exlplico. Me dce que nadie ha puesto nunca una pega, y que all\u00ed ya han tocado 3 orquestas. (C\u00f3mo odio que me digan esto!).Yo le he dicho educadamente que por m\u00ed como si ha tocado el Papa de Roma, pero que el diferencial de 30 mA de sensibilidad no es correcto. No me cree, le pregunto si \u00e9l es electricista, me dice que no, y le digo que es in\u00fatil que intente explic\u00e1rselo, que es una cuesti\u00f3n t\u00e9cnica. Me dice que intentar\u00e1 localizar al electricista.<br \/>\n<a class=\"imagelink\" title=\"Bornas\" href=\"http:\/\/www.lafarandula.net\/wp-content\/uploads\/2007\/09\/Bornas.jpg\"><img loading=\"lazy\" decoding=\"async\" id=\"image410\" src=\"http:\/\/www.lafarandula.net\/wp-content\/uploads\/2007\/09\/Bornas.thumbnail.jpg\" alt=\"Bornas\" width=\"128\" height=\"96\" \/><\/a> <strong>Diferencial, magnetot\u00e9rmico y bornas de conexi\u00f3n<\/strong>.<\/p>\n<p>Luego, he estado buscando una aver\u00eda que me surgi\u00f3 ayer: A uno de los latiguillos de red de las barras dimerizadas, parece que le falla una fase. Pero me he quedado mosqueado, porque no estaba mal.<br \/>\nLuego, he intentado reparar un Moon que se volv\u00eda loco: He descubierto que le fallan los pulsadores del control: El pr\u00f3ximo d\u00eda le injerto 4 pulsadores de electr\u00f3nica, y marchando!<\/p>\n<p>Total, que 20 minutos antes de comenzar me salta el diferencial en cuesti\u00f3n. Casualmente acababan de llegar el representante y el teniente alcalde (que hab\u00eda sido electricista durante 14 a\u00f1os), y le explico la anomal\u00eda. ?ste se la repite al representante y ahora s\u00ed se lo cree. Total, que se desconecta de nuevo la acometida y se soluciona el problema&#8230; (alg\u00fan d\u00eda hablar\u00e9 de los diferenciales, perturbaciones emitidas por bobinas y las fugas a tierra).<\/p>\n<p>Puse el port\u00e1til a cargar y se me courri\u00f3 hacer una curiosa foto:<\/p>\n<p><a class=\"imagelink\" title=\"Port\u00e1til\" href=\"http:\/\/www.lafarandula.net\/wp-content\/uploads\/2007\/09\/PC%20escenario.jpg\"><img loading=\"lazy\" decoding=\"async\" id=\"image421\" src=\"http:\/\/www.lafarandula.net\/wp-content\/uploads\/2007\/09\/PC%20escenario.thumbnail.jpg\" alt=\"Port\u00e1til\" width=\"128\" height=\"96\" \/><\/a> <strong>lafarandula.net<\/strong>, en pleno bolo.<\/p>\n<p>Hac\u00eda una noche muy fea; se ve\u00edan rel\u00e1mpagos a lo lejos. Nada, que empezamos a las 0:30, y cuando llev\u00e1bamos 4 temas empiezan a caer unas gotas de las gordas. Montamos a toda prisa la carpa para las mesas.<\/p>\n<p><a class=\"imagelink\" title=\"Carpa y esc\" href=\"http:\/\/www.lafarandula.net\/wp-content\/uploads\/2007\/09\/Escenario%20y%20mesaas%20tapado.jpg\"><img loading=\"lazy\" decoding=\"async\" id=\"image418\" src=\"http:\/\/www.lafarandula.net\/wp-content\/uploads\/2007\/09\/Escenario%20y%20mesaas%20tapado.thumbnail.jpg\" alt=\"Carpa y esc\" width=\"128\" height=\"96\" \/><\/a> <strong>Carpa y escenario <\/strong>tapados.<\/p>\n<p>En cuest\u00ed\u00f3n de 30 segundos se cogi\u00f3 a llover fuertemente. Pl\u00e1sticos, nervios, solidaridad, prisas, gritos, mosqueos, escaqueos, impotencia, desorganizaci\u00f3n, gente escondida, m\u00e1s gritos, remoj\u00f3n del cop\u00f3n, discusi\u00f3n, espera y cancelaci\u00f3n del bolo.<\/p>\n<p><a class=\"imagelink\" title=\"Escenario tapado\" href=\"http:\/\/www.lafarandula.net\/wp-content\/uploads\/2007\/09\/Escenario%20tapado.jpg\"><img loading=\"lazy\" decoding=\"async\" id=\"image417\" src=\"http:\/\/www.lafarandula.net\/wp-content\/uploads\/2007\/09\/Escenario%20tapado.thumbnail.jpg\" alt=\"Escenario tapado\" width=\"128\" height=\"96\" \/><\/a> <strong>Escenario tapado<\/strong>.<\/p>\n<p>Menos mal que hab\u00eda un centro social que hac\u00eda de camerino. Aqu\u00ed nos pudimos secar. Y de paso esperamos a que se hiciese la hora de la llegada del bus.<\/p>\n<p>Los secamanos de los servicios nos salvaron la vida. Yo siempre llevo ropa de repuesto en mi coche, pero no la sol\u00eda pillar en el bus.<\/p>\n<p><a class=\"imagelink\" title=\"Secando\" href=\"http:\/\/www.lafarandula.net\/wp-content\/uploads\/2007\/09\/Secando.jpg\"><img loading=\"lazy\" decoding=\"async\" id=\"image414\" src=\"http:\/\/www.lafarandula.net\/wp-content\/uploads\/2007\/09\/Secando.thumbnail.jpg\" alt=\"Secando\" width=\"72\" height=\"96\" \/><\/a> Curiosamente los ba\u00f1os dispon\u00edan de seca toallas el\u00e1ctricos.<\/p>\n<p><a class=\"imagelink\" title=\"Tendedor\" href=\"http:\/\/www.lafarandula.net\/wp-content\/uploads\/2007\/09\/Tendedor.jpg\"><img loading=\"lazy\" decoding=\"async\" id=\"image415\" src=\"http:\/\/www.lafarandula.net\/wp-content\/uploads\/2007\/09\/Tendedor.thumbnail.jpg\" alt=\"Tendedor\" width=\"72\" height=\"96\" \/><\/a> Con precinto, me ingeni\u00e9 un tendedero muy efectivo.<\/p>\n<p>&#8230; pero me cans\u00e9 de estar pulsando el bot\u00f3n repetidas veces&#8230;<\/p>\n<p><a class=\"imagelink\" title=\"Bypass\" href=\"http:\/\/www.lafarandula.net\/wp-content\/uploads\/2007\/09\/Secamanos%20permanente.jpg\"><img loading=\"lazy\" decoding=\"async\" id=\"image416\" src=\"http:\/\/www.lafarandula.net\/wp-content\/uploads\/2007\/09\/Secamanos%20permanente.thumbnail.jpg\" alt=\"Bypass\" width=\"128\" height=\"96\" \/><\/a> <strong>Bypass <\/strong>al secamanos.<\/p>\n<p><strong><a class=\"imagelink\" title=\"Rafa\" href=\"http:\/\/www.lafarandula.net\/wp-content\/uploads\/2007\/09\/Rafa%20secando.jpg\"><img loading=\"lazy\" decoding=\"async\" id=\"image422\" src=\"http:\/\/www.lafarandula.net\/wp-content\/uploads\/2007\/09\/Rafa%20secando.thumbnail.jpg\" alt=\"Rafa\" width=\"72\" height=\"96\" \/><\/a> Rafa<\/strong>, secando los zapatos.<\/p>\n<p><a class=\"imagelink\" title=\"Camerino\" href=\"http:\/\/www.lafarandula.net\/wp-content\/uploads\/2007\/09\/Camerino.jpg\"><img loading=\"lazy\" decoding=\"async\" id=\"image400\" src=\"http:\/\/www.lafarandula.net\/wp-content\/uploads\/2007\/09\/Camerino.thumbnail.jpg\" alt=\"Camerino\" width=\"128\" height=\"96\" \/><\/a> <strong>M\u00fasicos<\/strong> en el camerino.<\/p>\n<p><a class=\"imagelink\" title=\"Camerino 3\" href=\"http:\/\/www.lafarandula.net\/wp-content\/uploads\/2007\/09\/Camerino%203.jpg\"><img loading=\"lazy\" decoding=\"async\" id=\"image399\" src=\"http:\/\/www.lafarandula.net\/wp-content\/uploads\/2007\/09\/Camerino%203.thumbnail.jpg\" alt=\"Camerino 3\" width=\"128\" height=\"96\" \/><\/a> <strong>Esperando<\/strong>. Jugando a las cartas, ajedrez, parch\u00eds, viendo pelis, etc.<\/p>\n<p><a class=\"imagelink\" title=\"Barry ojos\" href=\"http:\/\/www.lafarandula.net\/wp-content\/uploads\/2007\/09\/Barry%20ojos.jpg\"><img loading=\"lazy\" decoding=\"async\" id=\"image397\" src=\"http:\/\/www.lafarandula.net\/wp-content\/uploads\/2007\/09\/Barry%20ojos.thumbnail.jpg\" alt=\"Barry ojos\" width=\"128\" height=\"96\" \/><\/a> <strong>Barry <\/strong>se fija mucho (siempre de guasa).<\/p>\n<p>Entre pitos y flautas, no me di\u00f3 tiempo a cenar, as\u00ed que cuando ya ten\u00eda la ropa seca, me fui en busca de cena. Pero el pueblo estaba desierto. Le pregunt\u00e9 a los de los churros -que estaban recogiendo- si sab\u00edan de alg\u00fan bar, y me dijeron que en Pol\u00e1n s\u00ed, pero que en este pueblo no ten\u00eda nada que hacer. Me fui en busca de aunque fiera, una m\u00e1quina de galletas o algo as\u00ed. Paseando por el pueblo me encontr\u00e9 con esto:<\/p>\n<p><a class=\"imagelink\" title=\"arbres neon\" href=\"http:\/\/www.lafarandula.net\/wp-content\/uploads\/2007\/09\/Arboles%20neon.jpg\"><img loading=\"lazy\" decoding=\"async\" id=\"image394\" src=\"http:\/\/www.lafarandula.net\/wp-content\/uploads\/2007\/09\/Arboles%20neon.thumbnail.jpg\" alt=\"arbres neon\" width=\"128\" height=\"96\" \/><\/a> <strong>\u00c1rboles adornados<\/strong>&#8230; con pantallas estancas dobles de tubos de ne\u00f3n de 54 W!! (y en verde).<\/p>\n<p>Cuando volv\u00ed con las manos vac\u00edas le pregunt\u00e9 al churrero si no ten\u00eda, aunque fuera un triste paquete de pipas. ?l me dijo que se acababa de acordar de que ten\u00eda un kit de cena de emergencia en su coche, y me sac\u00f3 una barra de pan, un paquete de salchich\u00f3n y uno de mortadela, junto a una navaja y una botella de agua. Me lo regal\u00f3.<\/p>\n<p><a class=\"imagelink\" title=\"Bocata  churrero\" href=\"http:\/\/www.lafarandula.net\/wp-content\/uploads\/2007\/09\/Bocata%20churrero.jpg\"><img loading=\"lazy\" decoding=\"async\" id=\"image393\" src=\"http:\/\/www.lafarandula.net\/wp-content\/uploads\/2007\/09\/Bocata%20churrero.thumbnail.jpg\" alt=\"Bocata  churrero\" width=\"128\" height=\"96\" \/><\/a> <strong>Bocata cena<\/strong>.<\/p>\n<p><a class=\"imagelink\" title=\"Churrero\" href=\"http:\/\/www.lafarandula.net\/wp-content\/uploads\/2007\/09\/Talaverano.jpg\"><img loading=\"lazy\" decoding=\"async\" id=\"image423\" src=\"http:\/\/www.lafarandula.net\/wp-content\/uploads\/2007\/09\/Talaverano.thumbnail.jpg\" alt=\"Churrero\" width=\"128\" height=\"96\" \/><\/a> <strong>Talaverano<\/strong>, el churrero. GRACIAS!<\/p>\n<p>Luego, Ra\u00fal (el trompetista) sac\u00f3 la trompeta, le puso la sordina, y se puso a tocar. En el centro social hab\u00eda una guitarra espa\u00f1ola a la qu ele faltaba una cuerda. Lucas la tom\u00f3 y all\u00ed se mont\u00f3 un unplugged: Todos los m\u00fasicos dando golpecitos, y surgi\u00f3 un estilo muy charleston salsero.<\/p>\n<p><a class=\"imagelink\" title=\"Unplugged\" href=\"http:\/\/www.lafarandula.net\/wp-content\/uploads\/2007\/09\/unpluged.jpg\"><img loading=\"lazy\" decoding=\"async\" id=\"image424\" src=\"http:\/\/www.lafarandula.net\/wp-content\/uploads\/2007\/09\/unpluged.thumbnail.jpg\" alt=\"Unplugged\" width=\"128\" height=\"96\" \/><\/a> Unplugged.<\/p>\n","protected":false},"excerpt":{"rendered":"<p>Uff, vaya aventurita. Hoy estrenamos conductora de autob\u00fas: Pilar, que maneja ese pedazo de bus como si fuera en bicicleta. Tiene una conducci\u00f3n muy suave (como debe ser en autobuses). Pilar, que es madrile\u00f1a, antes de hacerse conductora estuvo unos a\u00f1os trabajando como lucera en una de las m\u00e1s importantes empresas de iluminaci\u00f3n de Madrid. [&hellip;]<\/p>\n","protected":false},"author":1,"featured_media":0,"comment_status":"open","ping_status":"open","sticky":false,"template":"","format":"standard","meta":{"footnotes":""},"categories":[45],"tags":[20,16,25,48,13,37,39,44,43,46,27,19,33,47],"_links":{"self":[{"href":"http:\/\/www.lafarandula.net\/index.php?rest_route=\/wp\/v2\/posts\/392"}],"collection":[{"href":"http:\/\/www.lafarandula.net\/index.php?rest_route=\/wp\/v2\/posts"}],"about":[{"href":"http:\/\/www.lafarandula.net\/index.php?rest_route=\/wp\/v2\/types\/post"}],"author":[{"embeddable":true,"href":"http:\/\/www.lafarandula.net\/index.php?rest_route=\/wp\/v2\/users\/1"}],"replies":[{"embeddable":true,"href":"http:\/\/www.lafarandula.net\/index.php?rest_route=%2Fwp%2Fv2%2Fcomments&post=392"}],"version-history":[{"count":3,"href":"http:\/\/www.lafarandula.net\/index.php?rest_route=\/wp\/v2\/posts\/392\/revisions"}],"predecessor-version":[{"id":879,"href":"http:\/\/www.lafarandula.net\/index.php?rest_route=\/wp\/v2\/posts\/392\/revisions\/879"}],"wp:attachment":[{"href":"http:\/\/www.lafarandula.net\/index.php?rest_route=%2Fwp%2Fv2%2Fmedia&parent=392"}],"wp:term":[{"taxonomy":"category","embeddable":true,"href":"http:\/\/www.lafarandula.net\/index.php?rest_route=%2Fwp%2Fv2%2Fcategories&post=392"},{"taxonomy":"post_tag","embeddable":true,"href":"http:\/\/www.lafarandula.net\/index.php?rest_route=%2Fwp%2Fv2%2Ftags&post=392"}],"curies":[{"name":"wp","href":"https:\/\/api.w.org\/{rel}","templated":true}]}}